{"provider_url": "https://www.itaudeminas.mg.leg.br", "title": "Parlamento Jovem em a\u00e7\u00e3o!", "html": "<p>Os alunos participantes do Parlamento Jovem de Ita\u00fa de Minas compartilham suas reflex\u00f5es sobre o tema de 2026: \u201cInclus\u00e3o da pessoa com defici\u00eancia e neurodiverg\u00eancia\u201d.</p>\r\n<div class=\"xf7dkkf xv54qhq xz9dl7a x1n2onr6\">\r\n<div class=\"x78zum5 xdt5ytf xz62fqu x16ldp7u\">\r\n<div class=\"x14z9mp xat24cr x1lziwak x1vvkbs xtlvy1s x126k92a\">Mais do que um debate, o projeto promove conscientiza\u00e7\u00e3o, empatia e forma\u00e7\u00e3o cidad\u00e3, incentivando os jovens a pensarem em uma sociedade mais justa, acess\u00edvel e inclusiva para todos.</div>\r\n<div class=\"x14z9mp xat24cr x1lziwak x1vvkbs xtlvy1s x126k92a\"></div>\r\n</div>\r\n</div>\r\n<p><iframe src=\"https://www.facebook.com/plugins/video.php?height=476&amp;href=https%3A%2F%2Fwww.facebook.com%2Freel%2F1477395307173501%2F&amp;show_text=false&amp;width=267&amp;t=0\" width=\"267\" height=\"476\" allowfullscreen=\"true\" frameborder=\"0\" style=\"\"></iframe></p>", "author_name": "", "version": "1.0", "author_url": "https://www.itaudeminas.mg.leg.br/author/adm", "provider_name": "C\u00e2mara Municipal de Ita\u00fa de Minas", "type": "rich"}