{"provider_url": "https://www.itaudeminas.mg.leg.br", "title": "INDICA\u00c7\u00d5ES DA SEMANA", "html": "<p>Confira as indica\u00e7\u00f5es apresentadas pelos vereadores nesta semana:</p>\r\n<p>- Indica\u00e7\u00e3o n\u00ba 55:<br />Solicita a instala\u00e7\u00e3o de c\u00e2meras de seguran\u00e7a em toda a extens\u00e3o e adjac\u00eancias da Pra\u00e7a Nossa Senhora das Gra\u00e7as, visando refor\u00e7ar a seguran\u00e7a no local.</p>\r\n<p>- Indica\u00e7\u00e3o n\u00ba 56:<br />Prop\u00f5e melhorias na Rua Braziel Ferreira Amorim, nas proximidades da Sala de Vacina\u00e7\u00e3o, com implanta\u00e7\u00e3o de redutor de velocidade, sinaliza\u00e7\u00e3o vertical e pintura refletiva, garantindo mais seguran\u00e7a para pedestres e motoristas.</p>\r\n<p>Para saber mais, acesse: https://sapl.itaudeminas.mg.leg.br/</p>", "author_name": "", "version": "1.0", "author_url": "https://www.itaudeminas.mg.leg.br/author/adm", "provider_name": "C\u00e2mara Municipal de Ita\u00fa de Minas", "type": "rich"}